{"id":330,"date":"2019-05-16T16:42:38","date_gmt":"2019-05-16T14:42:38","guid":{"rendered":"https:\/\/oldtimer-ig-schneverdingen.de\/?p=330"},"modified":"2019-07-24T08:58:13","modified_gmt":"2019-07-24T06:58:13","slug":"fruehjahrsausfahrt-der-oldtimer-ig-schneverdingen","status":"publish","type":"post","link":"https:\/\/oldtimer-ig-schneverdingen.de\/?p=330","title":{"rendered":"11. Oldtimer-Ausstellung in Schneverdingen"},"content":{"rendered":"\n<p>Unsere diesj\u00e4hrige Oldtimer-Ausstellung findet am 11.08.2019 statt. An gewohnter Stelle, dem Schneverdinger Rathaus, findet Ihr in einem wundersch\u00f6nen Ambiente tolle Stellpl\u00e4tze f\u00fcr eure Fahrzeuge, leckeren Kaffee &amp; Kuchen (sowie weitere kulinarische Highlights) und reichlich Benzinschnack!<\/p>\n\n\n\n<p>Eine Voranmeldung ist nicht n\u00f6tig. Wir freuen uns auf euch!<\/p>\n\n\n\n<figure class=\"wp-block-image\"><img loading=\"lazy\" decoding=\"async\" width=\"724\" height=\"1024\" data-attachment-id=\"356\" data-permalink=\"https:\/\/oldtimer-ig-schneverdingen.de\/?attachment_id=356\" data-orig-file=\"https:\/\/i0.wp.com\/oldtimer-ig-schneverdingen.de\/wp-content\/uploads\/2019\/05\/ki-Plakat2019_web2.jpg?fit=724%2C1024&amp;ssl=1\" data-orig-size=\"724,1024\" data-comments-opened=\"0\" data-image-meta=\"{&quot;aperture&quot;:&quot;0&quot;,&quot;credit&quot;:&quot;&quot;,&quot;camera&quot;:&quot;&quot;,&quot;caption&quot;:&quot;&quot;,&quot;created_timestamp&quot;:&quot;0&quot;,&quot;copyright&quot;:&quot;&quot;,&quot;focal_length&quot;:&quot;0&quot;,&quot;iso&quot;:&quot;0&quot;,&quot;shutter_speed&quot;:&quot;0&quot;,&quot;title&quot;:&quot;&quot;,&quot;orientation&quot;:&quot;0&quot;}\" data-image-title=\"Plakat2019\" data-image-description=\"\" data-image-caption=\"\" data-medium-file=\"https:\/\/i0.wp.com\/oldtimer-ig-schneverdingen.de\/wp-content\/uploads\/2019\/05\/ki-Plakat2019_web2.jpg?fit=212%2C300&amp;ssl=1\" data-large-file=\"https:\/\/i0.wp.com\/oldtimer-ig-schneverdingen.de\/wp-content\/uploads\/2019\/05\/ki-Plakat2019_web2.jpg?fit=724%2C1024&amp;ssl=1\" tabindex=\"0\" role=\"button\" src=\"https:\/\/i0.wp.com\/oldtimer-ig-schneverdingen.de\/wp-content\/uploads\/2019\/05\/ki-Plakat2019_web2.jpg?resize=724%2C1024&#038;ssl=1\" alt=\"\" class=\"wp-image-356\" srcset=\"https:\/\/i0.wp.com\/oldtimer-ig-schneverdingen.de\/wp-content\/uploads\/2019\/05\/ki-Plakat2019_web2.jpg?w=724&amp;ssl=1 724w, https:\/\/i0.wp.com\/oldtimer-ig-schneverdingen.de\/wp-content\/uploads\/2019\/05\/ki-Plakat2019_web2.jpg?resize=212%2C300&amp;ssl=1 212w\" sizes=\"(max-width: 724px) 100vw, 724px\" data-recalc-dims=\"1\" \/><\/figure>\n","protected":false},"excerpt":{"rendered":"<p>Unsere diesj\u00e4hrige Oldtimer-Ausstellung findet am 11.08.2019 statt. An gewohnter Stelle, dem Schneverdinger Rathaus, findet Ihr in einem wundersch\u00f6nen Ambiente tolle Stellpl\u00e4tze f\u00fcr eure Fahrzeuge, leckeren Kaffee &amp; Kuchen (sowie weitere kulinarische Highlights) und reichlich Benzinschnack! Eine Voranmeldung ist nicht n\u00f6tig&#8230;.<br \/><a class=\"read-more-button\" href=\"https:\/\/oldtimer-ig-schneverdingen.de\/?p=330\">Mehr Lesen<\/a><\/p>\n","protected":false},"author":1,"featured_media":0,"comment_status":"closed","ping_status":"closed","sticky":true,"template":"","format":"standard","meta":{"jetpack_post_was_ever_published":false,"_jetpack_newsletter_access":"","_jetpack_dont_email_post_to_subs":false,"_jetpack_newsletter_tier_id":0,"_jetpack_memberships_contains_paywalled_content":false,"footnotes":"","_jetpack_memberships_contains_paid_content":false,"jetpack_publicize_message":"","jetpack_publicize_feature_enabled":true,"jetpack_social_post_already_shared":true,"jetpack_social_options":{"image_generator_settings":{"template":"highway","enabled":false},"version":2}},"categories":[1],"tags":[],"jetpack_publicize_connections":[],"jetpack_featured_media_url":"","jetpack_sharing_enabled":true,"jetpack_shortlink":"https:\/\/wp.me\/p8UH4D-5k","jetpack-related-posts":[],"_links":{"self":[{"href":"https:\/\/oldtimer-ig-schneverdingen.de\/index.php?rest_route=\/wp\/v2\/posts\/330"}],"collection":[{"href":"https:\/\/oldtimer-ig-schneverdingen.de\/index.php?rest_route=\/wp\/v2\/posts"}],"about":[{"href":"https:\/\/oldtimer-ig-schneverdingen.de\/index.php?rest_route=\/wp\/v2\/types\/post"}],"author":[{"embeddable":true,"href":"https:\/\/oldtimer-ig-schneverdingen.de\/index.php?rest_route=\/wp\/v2\/users\/1"}],"replies":[{"embeddable":true,"href":"https:\/\/oldtimer-ig-schneverdingen.de\/index.php?rest_route=%2Fwp%2Fv2%2Fcomments&post=330"}],"version-history":[{"count":5,"href":"https:\/\/oldtimer-ig-schneverdingen.de\/index.php?rest_route=\/wp\/v2\/posts\/330\/revisions"}],"predecessor-version":[{"id":357,"href":"https:\/\/oldtimer-ig-schneverdingen.de\/index.php?rest_route=\/wp\/v2\/posts\/330\/revisions\/357"}],"wp:attachment":[{"href":"https:\/\/oldtimer-ig-schneverdingen.de\/index.php?rest_route=%2Fwp%2Fv2%2Fmedia&parent=330"}],"wp:term":[{"taxonomy":"category","embeddable":true,"href":"https:\/\/oldtimer-ig-schneverdingen.de\/index.php?rest_route=%2Fwp%2Fv2%2Fcategories&post=330"},{"taxonomy":"post_tag","embeddable":true,"href":"https:\/\/oldtimer-ig-schneverdingen.de\/index.php?rest_route=%2Fwp%2Fv2%2Ftags&post=330"}],"curies":[{"name":"wp","href":"https:\/\/api.w.org\/{rel}","templated":true}]}}